{"id":1433,"date":"2020-04-14T11:42:33","date_gmt":"2020-04-14T09:42:33","guid":{"rendered":"http:\/\/www.palmfiction.net\/blog\/?p=1433"},"modified":"2020-04-14T11:42:39","modified_gmt":"2020-04-14T09:42:39","slug":"politisch-ist-das-alles-eine-katastrophe","status":"publish","type":"post","link":"https:\/\/www.palmfiction.net\/blog\/politisch-ist-das-alles-eine-katastrophe\/","title":{"rendered":"Politisch ist das alles eine Katastrophe"},"content":{"rendered":"<p>Interview: Bernhard Flieher\/Salzburger Nachrichten<\/p>\n<p><i>Es ist alles sehr unsicher im Moment, alle \u00e4ndert sich dauernd. Wie gut k\u00f6nnen Sie mit Ungewissheiten leben?<\/i><\/p>\n<p>Palm: Mit Ungewissheiten kann ich sehr gut leben. Sonst w\u00e4re ich ja nicht freier Autor und Regisseur geworden, sondern Gemeindesekret\u00e4r in Timelkam. Ungewissheiten interessieren mich jedenfalls mehr als Gewissheiten. Und dass sich Dinge \u00e4ndern, finde ich grunds\u00e4tzlich gut, weil: Ver\u00e4nderung bedeutet Leben, Stillstand bedeutet Tod.<span class=\"Apple-converted-space\">\u00a0<\/span><\/p>\n<p><span class=\"Apple-converted-space\">\u00a0<\/span><\/p>\n<p><i>Woran arbeiten Sie im Moment?<\/i><\/p>\n<p>Ich schreibe zur Zeit an einem Roman mit dem Titel \u201eB\u00f6ses Erwachen\u201c, der aber nichts mit dem Corona-Virus zu tun hat. Au\u00dferdem arbeite ich an einem Theaterst\u00fcck, das den Titel \u201eGl\u00fccklich ist, wer vergisst\u201c tr\u00e4gt. Beide Projekte sollen n\u00e4chstes Jahr abgeschlossen sein, vorausgesetzt, dass es dann \u00fcberhaupt noch Verlage oder Theater gibt. In meinem letzten Roman \u201eMonster\u201c, in dem ja ein Virus die Menschheit bedroht und sich ein riesiger Asteroid der Erde n\u00e4hert, habe ich m\u00f6gliche Szenarien f\u00fcr die Zeit danach \u00fcbrigens bereits durchgespielt. Und die Prognosen sind nicht besonders gut.<\/p>\n<p><span class=\"Apple-converted-space\">\u00a0<\/span><\/p>\n<p><i>Wie sehr f\u00fchlen Sie sich denn im Moment gefangen? Wie sieht Ihr Tag aus?<\/i><\/p>\n<p>Ich f\u00fchle mich \u00fcberhaupt nicht gefangen, weil ich zu den Privilegierten geh\u00f6re. Die Situation ist f\u00fcr mich &#8211; im Gegensatz zu vielen anderen Kulturschaffenden &#8211; noch nicht existenzbedrohend. Ich muss auch keine Kinder zu Hause unterrichten oder jemanden pflegen. Au\u00dferdem habe ich genug Platz. Schlimm ist die Lage f\u00fcr Menschen, die ihre Arbeit verloren haben, oder die als Familie auf f\u00fcnfzig Quadratmetern wohnen m\u00fcssen.<span class=\"Apple-converted-space\">\u00a0<\/span><\/p>\n<p><span class=\"Apple-converted-space\">\u00a0<\/span><\/p>\n<p><i>Aber sind von der Corona-Pandemie nicht alle gleich betroffen?<\/i><\/p>\n<p>Ich glaube, dass durch das Corona-Virus die Klassenunterschiede weiter zementiert bzw. sogar noch versch\u00e4rft werden. Die Verlierer sind die Armen, allein erziehende Frauen, generell die Lohnabh\u00e4ngigen und sicher auch viele Kulturschaffende, die keine Lobby haben. Also ist das Corona-Virus sozial nicht neutral.<span class=\"Apple-converted-space\">\u00a0<\/span><\/p>\n<p>Dass es sich beim Corona-Virus um \u201edas Ebola der Reichen handelt\u201c, wie ein italienischer Arzt meinte, bezweifle ich ebenfalls. Ein Blick in die USA, nach Indien oder Afrika zeigt ja, wer unter diesem Virus am meisten zu leiden hat, n\u00e4mlich die \u00c4rmsten der Armen. Und da rede ich noch gar nicht von den 70 Millionen Menschen, die sich weltweit auf der Flucht befinden, und die niemanden interessieren. Wenn die Menschheit nicht ausgerottet wird, wird am Ende des Tages jedenfalls der Kapitalismus als gro\u00dfer Sieger aus dieser Krise hervorgehen und die Reichen werden noch reicher werden.<span class=\"Apple-converted-space\">\u00a0<\/span><\/p>\n<p><span class=\"Apple-converted-space\">\u00a0<\/span><\/p>\n<p><i>Was sollten wir also lernen in dieser Krise?<\/i><\/p>\n<p>Brecht hat einmal geschrieben: \u201eDas Ged\u00e4chtnis der Menschheit f\u00fcr erduldete Leiden ist erstaunlich kurz. Ihre Vorstellungsgabe f\u00fcr kommende Leiden ist fast noch geringer.\u201c<\/p>\n<p>Nat\u00fcrlich stelle auch ich mir die Frage, ob der Mensch lernf\u00e4hig ist, was ich stark bezweifle. Und dass die Krise eine Chance ist, glaube ich auch nicht. Der Mensch vergisst sehr schnell und versucht alles, was ihn bedrohen k\u00f6nnte, zu verdr\u00e4ngen.<\/p>\n<p>Ich frage mich auch, warum alle nur \u00fcber die Symptome dieser Krise reden, und niemand \u00fcber deren Ursachen.<\/p>\n<p><span class=\"Apple-converted-space\">\u00a0<\/span><\/p>\n<p><i>Wo liegen diese Ursachen Ihrer Meinung nach?<\/i><\/p>\n<p>Wenn das Virus tats\u00e4chlich seinen Ausgang auf einem Wildtiermarkt in Wuhan genommen hat, dann m\u00fcssten wir doch endlich auch dar\u00fcber nachdenken, wie wir in Zukunft mit Tieren umgehen sollen. Schweinepest, Vogelgrippe, Rinderwahn, Ebola, Sars \u2013 und jetzt Corona. Was muss noch alles passieren, bis hier ein Umdenken einsetzt? Oder wer spricht \u00fcber die Arbeitsbedingungen der 50.000 chinesischen Arbeiterinnen und Arbeiter, die in der italienischen Stadt Prato unter oft sklaven\u00e4hnlichen Zust\u00e4nden Billigklamotten herstellen, und die wahrscheinlich mitverantwortlich f\u00fcr die rasante Ausbreitung des Virus in Norditalien waren? Aber solange unsere Handys funktionieren, es billiges Fastfood gibt und wir g\u00fcnstig Kleider einkaufen k\u00f6nnen, ist ja alles in bester Ordnung.<\/p>\n<p><span class=\"Apple-converted-space\">\u00a0<\/span><\/p>\n<p><i>Wie beurteilen Sie die Lage politisch? Sind die Ma\u00dfnahmen gerechtfertigt?<span class=\"Apple-converted-space\">\u00a0<\/span><\/i><\/p>\n<p>Politisch ist das alles eine Katastrophe, weil die Corona-Krise den Rechten als Vorwand dient, die Demokratie weiter auszuh\u00f6hlen und autorit\u00e4re Strukturen zu zementieren. Bestes Beispiel daf\u00fcr sind Ungarn und Polen, wo vor den Augen der in Schockstarre verfallenen EU-Institutionen Corona-Diktaturen errichtet werden. Wer jetzt die EU immer noch gut findet, dem ist wirklich nicht mehr zu helfen.<\/p>\n<p>Und was \u00d6sterreich betrifft, glaube ich, dass hier ein viel gef\u00e4hrlicheres Virus grassiert, als das Corona-Virus, n\u00e4mlich das Virus des Fremdenhasses und des Rassismus.<span class=\"Apple-converted-space\">\u00a0<\/span><\/p>\n<p><span class=\"Apple-converted-space\">\u00a0<\/span><\/p>\n<p><i>Aber es scheint doch, dass die Ma\u00dfnahmen Wirkung zeigen.<\/i><\/p>\n<p>Was die einzelnen Ma\u00dfnahmen betrifft, finde ich es ja geradezu grotesk, dass dieselben Politiker, die vor zweieinhalb Jahren noch ein Vermummungsverbot beschlossen haben, heute<span class=\"Apple-converted-space\">\u00a0 <\/span>den Vermummungszwang verordnen. Ein weiterer Beweis daf\u00fcr, dass \u00d6sterreich eine Operettenrepublik ist. Das Corona-Virus kam gerade recht, um einmal zu testen, wie weit der Staat gehen kann, ohne dass es in der Bev\u00f6lkerung zu Protesten kommt. Besonders absurd an der gegenw\u00e4rtigen Situation ist ja auch, dass es zur Durchsetzung gewisser Ziele nicht einmal der allseits herbeiphantasierten \u201eFl\u00fcchtlingskrise\u201c, samt \u201eGrenzsturms\u201c, bedurfte, sondern blo\u00df eines Virus\u2018, das aufgrund seiner Beschaffenheit &#8211; man sieht es nicht, man riecht es nicht, man h\u00f6rt es nicht &#8211; die ideale Projektionsfl\u00e4che f\u00fcr alle m\u00f6glichen Angst- und Zerrbilder bietet. Die Forderung bestimmter Gruppen nach Schlie\u00dfung der Grenzen konnte so problemlos in die Praxis umgesetzt werden, auch wenn sich dadurch das Virus nicht abhalten l\u00e4sst, aber wenigstens bleiben die Fl\u00fcchtlinge und \u201edie Fremden\u201c drau\u00dfen.<span class=\"Apple-converted-space\">\u00a0<\/span><\/p>\n<p><span class=\"Apple-converted-space\">\u00a0<\/span><\/p>\n<p><i>Wie wird die Welt aussehen nach dieser Zeit? Was erhoffen Sie sich?<\/i><\/p>\n<p>Nachdem ich immer schon der Meinung war, dass der Mensch ein Fehler der Natur ist, w\u00fcrde es mich sehr wundern, wenn die Menschheit aus der Corona-Pandemie positive Schlussfolgerungen ziehen w\u00fcrde. Ich bef\u00fcrchte, dass nach einer kurzen Schockstarre alles so weitergeht wie bisher. Vielleicht wird es sogar noch schlimmer.<\/p>\n<p><i>\u201eSalzburger Nachrichten\u201c, 11. April 2020<\/i><\/p>\n","protected":false},"excerpt":{"rendered":"<p>Interview: Bernhard Flieher\/Salzburger Nachrichten Es ist alles sehr unsicher im Moment, alle \u00e4ndert sich dauernd. Wie gut k\u00f6nnen Sie mit Ungewissheiten leben? Palm: Mit Ungewissheiten kann ich sehr gut leben. Sonst w\u00e4re ich ja nicht freier Autor und Regisseur geworden, sondern Gemeindesekret\u00e4r in Timelkam. Ungewissheiten interessieren mich jedenfalls mehr als Gewissheiten. Und dass sich Dinge [&hellip;]<\/p>\n","protected":false},"author":2,"featured_media":0,"comment_status":"open","ping_status":"open","sticky":false,"template":"","format":"standard","meta":{"footnotes":""},"categories":[1],"tags":[],"class_list":["post-1433","post","type-post","status-publish","format-standard","hentry","category-allgemein"],"_links":{"self":[{"href":"https:\/\/www.palmfiction.net\/blog\/wp-json\/wp\/v2\/posts\/1433"}],"collection":[{"href":"https:\/\/www.palmfiction.net\/blog\/wp-json\/wp\/v2\/posts"}],"about":[{"href":"https:\/\/www.palmfiction.net\/blog\/wp-json\/wp\/v2\/types\/post"}],"author":[{"embeddable":true,"href":"https:\/\/www.palmfiction.net\/blog\/wp-json\/wp\/v2\/users\/2"}],"replies":[{"embeddable":true,"href":"https:\/\/www.palmfiction.net\/blog\/wp-json\/wp\/v2\/comments?post=1433"}],"version-history":[{"count":2,"href":"https:\/\/www.palmfiction.net\/blog\/wp-json\/wp\/v2\/posts\/1433\/revisions"}],"predecessor-version":[{"id":1435,"href":"https:\/\/www.palmfiction.net\/blog\/wp-json\/wp\/v2\/posts\/1433\/revisions\/1435"}],"wp:attachment":[{"href":"https:\/\/www.palmfiction.net\/blog\/wp-json\/wp\/v2\/media?parent=1433"}],"wp:term":[{"taxonomy":"category","embeddable":true,"href":"https:\/\/www.palmfiction.net\/blog\/wp-json\/wp\/v2\/categories?post=1433"},{"taxonomy":"post_tag","embeddable":true,"href":"https:\/\/www.palmfiction.net\/blog\/wp-json\/wp\/v2\/tags?post=1433"}],"curies":[{"name":"wp","href":"https:\/\/api.w.org\/{rel}","templated":true}]}}