{"id":51,"date":"2016-10-11T18:55:31","date_gmt":"2016-10-11T16:55:31","guid":{"rendered":"http:\/\/192.168.1.104\/enfold-blog\/?p=51"},"modified":"2016-11-28T17:15:13","modified_gmt":"2016-11-28T16:15:13","slug":"entry-with-audio","status":"publish","type":"post","link":"https:\/\/www.palmfiction.net\/blog\/entry-with-audio\/","title":{"rendered":"Schande \u00fcber Josef P\u00fchringer und Konsorten"},"content":{"rendered":"<section  class='av_textblock_section av-av_textblock-0366cc7376be6c9e82a3e9cc8987b64f '   itemscope=\"itemscope\" itemtype=\"https:\/\/schema.org\/BlogPosting\" itemprop=\"blogPost\" ><div class='avia_textblock'  itemprop=\"text\" ><p><span style=\"color: #000000;\"><span style=\"font-family: Helvetica,serif;\"><span style=\"font-size: medium;\">Schon ein kurzer Blick auf die Homepage des \u201eEurop\u00e4ischen Forums Linz\u201c gen\u00fcgt, um zu wissen, was da am 29. Oktober auf uns zukommt. Angek\u00fcndigt wird \u201eeine Leistungsschau der patriotischen, identit\u00e4ren und konservativen Arbeit im publizistischen, kulturschaffenden sowie politischen Bereich.\u201c Und weiter: \u201eAls Verteidiger Europas machen wir uns gemeinsam auf, unsere V\u00f6lker, Traditionen und Werte zu besch\u00fctzen.\u201c<\/span><\/span><\/span><\/p>\n<p align=\"justify\"><span style=\"color: #000000;\"><span style=\"font-family: Helvetica,serif;\"><span style=\"font-size: medium;\">Was wie eine gef\u00e4hrliche Drohung klingt, ist in Wirklichkeit nichts anderes als das ideologische Deckm\u00e4ntelchen f\u00fcr ein Treffen von Rechtsextremen aller Coleur. Dass FP\u00d6-Generalsekret\u00e4r Herbert Kickl dabei als Redner auftritt, passt ebenso ins Konzept wie die Tatsache, dass Norbert Hofers Lieblingsmaler Odin Wiesinger aus Andorf dort seine Bilder ausstellt.<\/span><\/span><\/span><\/p>\n<p align=\"justify\"><span style=\"color: #000000;\"><span style=\"font-family: Helvetica,serif;\"><span style=\"font-size: medium;\">Es ist zum Speiben. Und als ob das alles nicht schon schlimm genug w\u00e4re, stellt das Land Ober\u00f6sterreich diesem Gesindel auch noch die Redoutens\u00e4le zur Verf\u00fcgung. Statt dass man diese Leute mit nassen Fetzen davonjagt, hof(i)ert man sie auch noch! Schande \u00fcber jene, die zwar die Mindestsicherung f\u00fcr Asylberechtigte k\u00fcrzen, mit dem Auftritt von Rechtsextremen in Linz aber keine Probleme haben. <\/span><\/span><\/span><\/p>\n<p align=\"justify\"><span style=\"color: #000000;\"><span style=\"font-family: Helvetica,serif;\"><span style=\"font-size: medium;\"><i>Kurt Palm, Autor und Regisseur<\/i><\/span><\/span><\/span><\/p>\n<p align=\"justify\"><span style=\"color: #000000;\"><span style=\"font-family: Helvetica,serif;\"><span style=\"font-size: medium;\"><i>Leserbrief, erschienen in den O\u00d6N am 11. Oktober 2016<\/i><\/span><\/span><\/span><\/p>\n<\/div><\/section>\n","protected":false},"excerpt":{"rendered":"<p>Schon ein kurzer Blick auf die Homepage des \u201eEurop\u00e4ischen Forums Linz\u201c gen\u00fcgt, um zu wissen, was da am 29. Oktober auf uns zukommt. Angek\u00fcndigt wird \u201eeine Leistungsschau der patriotischen, identit\u00e4ren und konservativen Arbeit im publizistischen, kulturschaffenden sowie politischen Bereich.\u201c Und weiter: \u201eAls Verteidiger Europas machen wir uns gemeinsam auf, unsere V\u00f6lker, Traditionen und Werte zu besch\u00fctzen.\u201c<\/p>\n","protected":false},"author":2,"featured_media":0,"comment_status":"closed","ping_status":"open","sticky":false,"template":"","format":"audio","meta":{"footnotes":""},"categories":[1],"tags":[],"class_list":["post-51","post","type-post","status-publish","format-audio","hentry","category-allgemein","post_format-post-format-audio"],"_links":{"self":[{"href":"https:\/\/www.palmfiction.net\/blog\/wp-json\/wp\/v2\/posts\/51"}],"collection":[{"href":"https:\/\/www.palmfiction.net\/blog\/wp-json\/wp\/v2\/posts"}],"about":[{"href":"https:\/\/www.palmfiction.net\/blog\/wp-json\/wp\/v2\/types\/post"}],"author":[{"embeddable":true,"href":"https:\/\/www.palmfiction.net\/blog\/wp-json\/wp\/v2\/users\/2"}],"replies":[{"embeddable":true,"href":"https:\/\/www.palmfiction.net\/blog\/wp-json\/wp\/v2\/comments?post=51"}],"version-history":[{"count":7,"href":"https:\/\/www.palmfiction.net\/blog\/wp-json\/wp\/v2\/posts\/51\/revisions"}],"predecessor-version":[{"id":613,"href":"https:\/\/www.palmfiction.net\/blog\/wp-json\/wp\/v2\/posts\/51\/revisions\/613"}],"wp:attachment":[{"href":"https:\/\/www.palmfiction.net\/blog\/wp-json\/wp\/v2\/media?parent=51"}],"wp:term":[{"taxonomy":"category","embeddable":true,"href":"https:\/\/www.palmfiction.net\/blog\/wp-json\/wp\/v2\/categories?post=51"},{"taxonomy":"post_tag","embeddable":true,"href":"https:\/\/www.palmfiction.net\/blog\/wp-json\/wp\/v2\/tags?post=51"}],"curies":[{"name":"wp","href":"https:\/\/api.w.org\/{rel}","templated":true}]}}