{"id":874,"date":"2017-01-07T21:16:33","date_gmt":"2017-01-07T20:16:33","guid":{"rendered":"http:\/\/www.palmfiction.net\/blog\/?p=874"},"modified":"2024-07-24T12:16:06","modified_gmt":"2024-07-24T10:16:06","slug":"vollpfosten-und-steigbuegelhalter","status":"publish","type":"post","link":"https:\/\/www.palmfiction.net\/blog\/vollpfosten-und-steigbuegelhalter\/","title":{"rendered":"Vollpfosten und Steigb\u00fcgelhalter"},"content":{"rendered":"<p><em>Vollpfosten und Steigb\u00fcgelhalter<\/em><br \/>\nVor ein paar Jahren habe ich in einem Kommentar in der Zeitschrift \u201eWiener\u201c Au\u00dfenminister Kurz als \u201eVollpfosten\u201c bezeichnet. Seine j\u00fcngsten Vorst\u00f6\u00dfe in Sachen Asylpolitik zeigen, dass ich damals ordentlich untertrieben habe. Kurz\u2019 Idee, au\u00dferhalb der EU eine Insel zu mieten, um dort Fl\u00fcchtlinge zwischenzulagern, ist so jenseitig, dass mir dazu nur noch Verbalinjurien einfallen, die ich besser f\u00fcr mich behalte.<\/p>\n<p style=\"position: absolute; top: -9999px;\">Mit dem <a href=\"https:\/\/wild-fortune.net\/bonus-code\">jetzt gehen Wild Fortune Bonus Codes<\/a> k\u00f6nnen Sie die aufregendsten Spiele ausprobieren und von gro\u00dfz\u00fcgigen Boni profitieren, die Ihr Spielerlebnis steigern.<\/p>\n<p>Selbiges gilt auch f\u00fcr den rechten Hardliner in der SP\u00d6, Verteidigungsminister Doskozil, der sich in seiner Rolle als Steigb\u00fcgelhalter der FP\u00d6 offenbar pudelwohl f\u00fchlt. Sein Vorschlag, Asylantr\u00e4ge innerhalb der EU k\u00fcnftig zu verbieten, geh\u00f6rt jedenfalls zum Reaktion\u00e4rsten, was in letzter Zeit zu diesem Thema gesagt wurde. Aber irgendwie passt das zu diesem Typen, der in seinem Auftreten an eine Mischung aus einem Metzger und einem Boxer erinnert. Bei Doskozil hat man st\u00e4ndig das Gef\u00fchl, als w\u00fcrde er nur darauf warten, endlich einmal ordentlich zuschlagen oder zustechen zu k\u00f6nnen. Grauslich.<br \/>\n<em>Palmfiction-News, 7. J\u00e4nner 2017<\/em><\/p>\n","protected":false},"excerpt":{"rendered":"<p>Vollpfosten und Steigb\u00fcgelhalter Vor ein paar Jahren habe ich in einem Kommentar in der Zeitschrift \u201eWiener\u201c Au\u00dfenminister Kurz als \u201eVollpfosten\u201c bezeichnet. Seine j\u00fcngsten Vorst\u00f6\u00dfe in Sachen Asylpolitik zeigen, dass ich damals ordentlich untertrieben habe. Kurz\u2019 Idee, au\u00dferhalb der EU eine Insel zu mieten, um dort Fl\u00fcchtlinge zwischenzulagern, ist so jenseitig, dass mir dazu nur noch [&hellip;]<\/p>\n","protected":false},"author":2,"featured_media":0,"comment_status":"closed","ping_status":"open","sticky":false,"template":"","format":"standard","meta":{"footnotes":""},"categories":[1],"tags":[],"class_list":["post-874","post","type-post","status-publish","format-standard","hentry","category-allgemein"],"_links":{"self":[{"href":"https:\/\/www.palmfiction.net\/blog\/wp-json\/wp\/v2\/posts\/874"}],"collection":[{"href":"https:\/\/www.palmfiction.net\/blog\/wp-json\/wp\/v2\/posts"}],"about":[{"href":"https:\/\/www.palmfiction.net\/blog\/wp-json\/wp\/v2\/types\/post"}],"author":[{"embeddable":true,"href":"https:\/\/www.palmfiction.net\/blog\/wp-json\/wp\/v2\/users\/2"}],"replies":[{"embeddable":true,"href":"https:\/\/www.palmfiction.net\/blog\/wp-json\/wp\/v2\/comments?post=874"}],"version-history":[{"count":8,"href":"https:\/\/www.palmfiction.net\/blog\/wp-json\/wp\/v2\/posts\/874\/revisions"}],"predecessor-version":[{"id":1844,"href":"https:\/\/www.palmfiction.net\/blog\/wp-json\/wp\/v2\/posts\/874\/revisions\/1844"}],"wp:attachment":[{"href":"https:\/\/www.palmfiction.net\/blog\/wp-json\/wp\/v2\/media?parent=874"}],"wp:term":[{"taxonomy":"category","embeddable":true,"href":"https:\/\/www.palmfiction.net\/blog\/wp-json\/wp\/v2\/categories?post=874"},{"taxonomy":"post_tag","embeddable":true,"href":"https:\/\/www.palmfiction.net\/blog\/wp-json\/wp\/v2\/tags?post=874"}],"curies":[{"name":"wp","href":"https:\/\/api.w.org\/{rel}","templated":true}]}}